{"id":1989,"date":"2020-05-01T13:16:54","date_gmt":"2020-05-01T11:16:54","guid":{"rendered":"https:\/\/aptivia.fr\/?p=1989"},"modified":"2020-05-01T13:28:05","modified_gmt":"2020-05-01T11:28:05","slug":"certification-qualiopi-profitez-en-des-maintenant-letat-prend-en-charge-100-des-couts-pedagogiques-de-la-formation-de-salaries-en-activite-partielle-jusqua-la-reprise-dactivite","status":"publish","type":"post","link":"https:\/\/aptivia.fr\/2020\/05\/01\/certification-qualiopi-profitez-en-des-maintenant-letat-prend-en-charge-100-des-couts-pedagogiques-de-la-formation-de-salaries-en-activite-partielle-jusqua-la-reprise-dactivite\/","title":{"rendered":"Certification Qualiopi, profitez-en d\u00e8s maintenant, l\u2019\u00c9tat prend en charge 100 % des co\u00fbts p\u00e9dagogiques de la formation de salari\u00e9s en activit\u00e9 partielle jusqu&#8217;\u00e0 la reprise d&#8217;activit\u00e9"},"content":{"rendered":"\t\t<div data-elementor-type=\"wp-post\" data-elementor-id=\"1989\" class=\"elementor elementor-1989\" data-elementor-settings=\"[]\">\n\t\t\t\t\t\t<div class=\"elementor-inner\">\n\t\t\t\t\t\t\t<div class=\"elementor-section-wrap\">\n\t\t\t\t\t\t\t<section class=\"elementor-section elementor-top-section elementor-element elementor-element-4f04e014 elementor-section-boxed elementor-section-height-default elementor-section-height-default\" data-id=\"4f04e014\" data-element_type=\"section\">\n\t\t\t\t\t\t<div class=\"elementor-container elementor-column-gap-default\">\n\t\t\t\t\t\t\t<div class=\"elementor-row\">\n\t\t\t\t\t<div class=\"elementor-column elementor-col-100 elementor-top-column elementor-element elementor-element-5e100c0c\" data-id=\"5e100c0c\" data-element_type=\"column\">\n\t\t\t<div class=\"elementor-column-wrap elementor-element-populated\">\n\t\t\t\t\t\t\t<div class=\"elementor-widget-wrap\">\n\t\t\t\t\t\t<div class=\"elementor-element elementor-element-2ba9401 elementor-widget elementor-widget-heading\" data-id=\"2ba9401\" data-element_type=\"widget\" data-widget_type=\"heading.default\">\n\t\t\t\t<div class=\"elementor-widget-container\">\n\t\t\t<h2 class=\"elementor-heading-title elementor-size-medium\">Certification Qualiopi, profitez-en d\u00e8s maintenant, l\u2019\u00c9tat prend en charge 100 % des co\u00fbts p\u00e9dagogiques de la formation de salari\u00e9s en activit\u00e9 partielle jusqu'\u00e0 la reprise d'activit\u00e9.<\/h2>\t\t<\/div>\n\t\t\t\t<\/div>\n\t\t\t\t<div class=\"elementor-element elementor-element-7cfce14f elementor-widget elementor-widget-text-editor\" data-id=\"7cfce14f\" data-element_type=\"widget\" data-widget_type=\"text-editor.default\">\n\t\t\t\t<div class=\"elementor-widget-container\">\n\t\t\t\t\t\t\t\t<div class=\"elementor-text-editor elementor-clearfix\">\n\t\t\t\t<p><img src=\"https:\/\/aptivia.fr\/wp-content\/uploads\/2020\/02\/1d-300x186.jpg\" alt=\"Rejoignez Notre Cabinet De Conseil Aptivia And Partners \u00c0 Lyon\" width=\"363\" height=\"225\" class=\" wp-image-1965\" srcset=\"https:\/\/aptivia.fr\/wp-content\/uploads\/2020\/02\/1d-300x186.jpg 300w, https:\/\/aptivia.fr\/wp-content\/uploads\/2020\/02\/1d-600x372.jpg 600w, https:\/\/aptivia.fr\/wp-content\/uploads\/2020\/02\/1d-768x476.jpg 768w, https:\/\/aptivia.fr\/wp-content\/uploads\/2020\/02\/1d.jpg 800w\" sizes=\"(max-width: 363px) 100vw, 363px\" \/><\/p><p style=\"text-align: justify;\"><span>Dans le cadre de la crise du Covid-19, le FNE-Formation est renforc\u00e9 de mani\u00e8re temporaire, afin de r\u00e9pondre aux besoins des entreprises en <strong>activit\u00e9 partielle<\/strong> par la <strong>prise en charge \u00e0 100 % des co\u00fbts p\u00e9dagogiques<\/strong>.<\/span><\/p><p style=\"text-align: justify;\"><span style=\"color: #4ee409;\"><strong>Quel est l&#8217;objectif du dispositif ?<\/strong><\/span><\/p><p style=\"text-align: justify;\"><span>Il s&#8217;agit de soutenir les d\u00e9marches en faveur du d\u00e9veloppement des comp\u00e9tences, qui seront au c\u0153ur de la relance dans l\u2019apr\u00e8s crise, pendant les p\u00e9riodes d\u2019inactivit\u00e9 des salari\u00e9s plac\u00e9s en activit\u00e9 partielle.<br \/>A noter que la dur\u00e9e de la formation ne peut exc\u00e9der la p\u00e9riode d\u2019activit\u00e9 partielle.<\/span><\/p><p style=\"text-align: justify;\"><span style=\"color: #4ee409;\"><strong>Qui est concern\u00e9 ?<\/strong><\/span><\/p><p style=\"text-align: justify;\"><span>Tous les salari\u00e9s plac\u00e9s en activit\u00e9 partielle au sein d&#8217;une entreprise ou association sont concern\u00e9s, \u00e0 l&#8217;exception plac\u00e9s des salari\u00e9s en contrat d\u2019apprentissage ou en contrat de professionnalisation.<\/span><\/p><p style=\"text-align: justify;\"><span style=\"color: #4ee409;\"><strong>Quels types de formations ?<\/strong><\/span><\/p><p style=\"text-align: justify;\"><span>Compte tenu des mesures sanitaires mises en place, <strong>les formations devront se faire \u00e0 distance.<\/strong><\/span><\/p><p style=\"text-align: justify;\"><span>Les actions de formation \u00e9ligibles sont les suivantes :<\/span><\/p><p style=\"text-align: justify;\"><span>Actions de formation, bilan de comp\u00e9tences, VAE dont celles permettant d\u2019obtenir une des qualifications mentionn\u00e9es \u00e0 l\u2019article\u00a0L6314-1 du Code du travail, f<\/span>ormations permettant le renouvellement d\u2019une habilitation ou certification individuelle n\u00e9cessaire \u00e0 l\u2019exercice de leur activit\u00e9 professionnelle.<\/p><p>Les prestataires de formation doivent r\u00e9pondre aux exigences de qualit\u00e9 du d\u00e9cret du 30 juin 2015 et donc \u00eatre r\u00e9f\u00e9renc\u00e9s et\/ou labellis\u00e9s.<\/p><p><span style=\"color: #4ee409;\"><strong>Quelles sont les d\u00e9marches \u00e0 effectuer pour b\u00e9n\u00e9ficier du dispositif ?<\/strong><\/span><\/p><p>L&#8217;entreprise devra compl\u00e9ter le <a href=\"https:\/\/travail-emploi.gouv.fr\/IMG\/pdf\/demande-subvention-fne-formation.pdf\" title=\"dossier de demande de subvention\" target=\"_blank\" rel=\"noopener noreferrer\"><span style=\"color: #4ee409;\">dossier de demande de subvention<\/span><\/a> au titre du FNE-Formation pour des salari\u00e9s plac\u00e9s en activit\u00e9 partielle et remplir une <span style=\"color: #4ee409;\"><a href=\"https:\/\/travail-emploi.gouv.fr\/IMG\/pdf\/convention-formation-fne-formation.pdf\" title=\"convention de formation\" target=\"_blank\" style=\"color: #4ee409;\" rel=\"noopener noreferrer\">convention de formation<\/a><\/span><span style=\"color: #000000;\"> du FNE.<\/span><\/p><p>Pour conna\u00eetre le d\u00e9tail des modalit\u00e9s du dispositif, vous pouvez consulter la documentation officielle ici : <span style=\"color: #4ee409;\"><a href=\"https:\/\/travail-emploi.gouv.fr\/IMG\/pdf\/qr-covid-fne-formation.pdf\" title=\"FNE-Formation : Questions-r\u00e9ponses\" target=\"_blank\" style=\"color: #4ee409;\" rel=\"noopener noreferrer\">FNE-Formation : Questions-r\u00e9ponses <\/a><\/span>ou bien nous contacter directement !<\/p><p style=\"text-align: center;\"><strong>Pour prendre rendez-vous avec un de nos consultants formateurs directement depuis notre plateforme, c&#8217;est <a href=\"https:\/\/rnqlearn.fr\/\">ICI<\/a> que \u00e7a se passe !<\/strong><\/p>\t\t\t\t\t<\/div>\n\t\t\t\t\t\t<\/div>\n\t\t\t\t<\/div>\n\t\t\t\t\t\t<\/div>\n\t\t\t\t\t<\/div>\n\t\t<\/div>\n\t\t\t\t\t\t\t\t<\/div>\n\t\t\t\t\t<\/div>\n\t\t<\/section>\n\t\t\t\t\t\t<\/div>\n\t\t\t\t\t\t<\/div>\n\t\t\t\t\t<\/div>\n\t\t","protected":false},"excerpt":{"rendered":"<p>Certification Qualiopi, profitez-en d\u00e8s maintenant, l\u2019\u00c9tat prend en charge 100 % des co\u00fbts p\u00e9dagogiques de la formation de salari\u00e9s en activit\u00e9 partielle jusqu&#8217;\u00e0 la reprise d&#8217;activit\u00e9. Dans le cadre de la crise du Covid-19, le FNE-Formation est renforc\u00e9 de mani\u00e8re temporaire, afin de r\u00e9pondre aux besoins des entreprises en activit\u00e9 [&hellip;]<\/p>\n","protected":false},"author":14,"featured_media":1965,"comment_status":"closed","ping_status":"open","sticky":false,"template":"","format":"standard","meta":[],"categories":[1],"tags":[],"acf":[],"aioseo_notices":[],"_links":{"self":[{"href":"https:\/\/aptivia.fr\/nov-apijson\/wp\/v2\/posts\/1989"}],"collection":[{"href":"https:\/\/aptivia.fr\/nov-apijson\/wp\/v2\/posts"}],"about":[{"href":"https:\/\/aptivia.fr\/nov-apijson\/wp\/v2\/types\/post"}],"author":[{"embeddable":true,"href":"https:\/\/aptivia.fr\/nov-apijson\/wp\/v2\/users\/14"}],"replies":[{"embeddable":true,"href":"https:\/\/aptivia.fr\/nov-apijson\/wp\/v2\/comments?post=1989"}],"version-history":[{"count":5,"href":"https:\/\/aptivia.fr\/nov-apijson\/wp\/v2\/posts\/1989\/revisions"}],"predecessor-version":[{"id":1995,"href":"https:\/\/aptivia.fr\/nov-apijson\/wp\/v2\/posts\/1989\/revisions\/1995"}],"wp:featuredmedia":[{"embeddable":true,"href":"https:\/\/aptivia.fr\/nov-apijson\/wp\/v2\/media\/1965"}],"wp:attachment":[{"href":"https:\/\/aptivia.fr\/nov-apijson\/wp\/v2\/media?parent=1989"}],"wp:term":[{"taxonomy":"category","embeddable":true,"href":"https:\/\/aptivia.fr\/nov-apijson\/wp\/v2\/categories?post=1989"},{"taxonomy":"post_tag","embeddable":true,"href":"https:\/\/aptivia.fr\/nov-apijson\/wp\/v2\/tags?post=1989"}],"curies":[{"name":"wp","href":"https:\/\/api.w.org\/{rel}","templated":true}]}}